{"id":578,"date":"2015-03-30T14:48:12","date_gmt":"2015-03-30T12:48:12","guid":{"rendered":"http:\/\/www.lapetiteloiterie.fr\/lpl\/?p=578"},"modified":"2015-05-22T22:47:18","modified_gmt":"2015-05-22T20:47:18","slug":"11-choisir-planter-entretenir","status":"publish","type":"post","link":"https:\/\/www.lapetiteloiterie.fr\/lpl\/art\/11-choisir-planter-entretenir\/","title":{"rendered":"Novembre&nbsp;: choisir, planter et entretenir les arbres et arbustes"},"content":{"rendered":"<p><strong>Comment choisir le v\u00e9g\u00e9tal adapt\u00e9 \u00e0 ses souhaits&#8230; et \u00e0 son jardin, et r\u00e9ussir sa plantation<\/strong><br \/>\nPr\u00e9sentation des questions incontournables \u00e0 se poser pour choisir des essences&nbsp;: le milieu, les objectifs paysagers, les tailles d&rsquo;entretien \u00e9ventuellement pr\u00e9vues, les dimensions, le co\u00fbt&#8230; Puis comment r\u00e9ussir une plantation de qualit\u00e9&nbsp;: pr\u00e9paration du sol, mise en jauge, pralinage, plantation, tuteurage, paillage, protections diverses, arrosages&#8230;, et tailles de formation.<\/p>\n","protected":false},"excerpt":{"rendered":"<p>Comment choisir le v\u00e9g\u00e9tal adapt\u00e9 \u00e0 ses souhaits&#8230; et \u00e0 son jardin, et r\u00e9ussir sa plantation<\/p>\n","protected":false},"author":1,"featured_media":659,"comment_status":"closed","ping_status":"closed","sticky":false,"template":"","format":"standard","meta":{"footnotes":""},"categories":[6],"tags":[],"class_list":["post-578","post","type-post","status-publish","format-standard","has-post-thumbnail","hentry","category-animations-thema"],"_links":{"self":[{"href":"https:\/\/www.lapetiteloiterie.fr\/lpl\/wp-json\/wp\/v2\/posts\/578","targetHints":{"allow":["GET"]}}],"collection":[{"href":"https:\/\/www.lapetiteloiterie.fr\/lpl\/wp-json\/wp\/v2\/posts"}],"about":[{"href":"https:\/\/www.lapetiteloiterie.fr\/lpl\/wp-json\/wp\/v2\/types\/post"}],"author":[{"embeddable":true,"href":"https:\/\/www.lapetiteloiterie.fr\/lpl\/wp-json\/wp\/v2\/users\/1"}],"replies":[{"embeddable":true,"href":"https:\/\/www.lapetiteloiterie.fr\/lpl\/wp-json\/wp\/v2\/comments?post=578"}],"version-history":[{"count":4,"href":"https:\/\/www.lapetiteloiterie.fr\/lpl\/wp-json\/wp\/v2\/posts\/578\/revisions"}],"predecessor-version":[{"id":1570,"href":"https:\/\/www.lapetiteloiterie.fr\/lpl\/wp-json\/wp\/v2\/posts\/578\/revisions\/1570"}],"wp:featuredmedia":[{"embeddable":true,"href":"https:\/\/www.lapetiteloiterie.fr\/lpl\/wp-json\/wp\/v2\/media\/659"}],"wp:attachment":[{"href":"https:\/\/www.lapetiteloiterie.fr\/lpl\/wp-json\/wp\/v2\/media?parent=578"}],"wp:term":[{"taxonomy":"category","embeddable":true,"href":"https:\/\/www.lapetiteloiterie.fr\/lpl\/wp-json\/wp\/v2\/categories?post=578"},{"taxonomy":"post_tag","embeddable":true,"href":"https:\/\/www.lapetiteloiterie.fr\/lpl\/wp-json\/wp\/v2\/tags?post=578"}],"curies":[{"name":"wp","href":"https:\/\/api.w.org\/{rel}","templated":true}]}}